{"id":7681,"date":"2026-02-24T14:09:49","date_gmt":"2026-02-24T13:09:49","guid":{"rendered":"https:\/\/www.plico.es\/?p=7681"},"modified":"2026-02-24T14:21:04","modified_gmt":"2026-02-24T13:21:04","slug":"la-importancia-de-la-atencion-y-la-concentracion-en-los-ninos","status":"publish","type":"post","link":"https:\/\/www.plico.es\/pt-pt\/la-importancia-de-la-atencion-y-la-concentracion-en-los-ninos\/","title":{"rendered":"La importancia de la Atenci\u00f3n y la Concentraci\u00f3n en los ni\u00f1os"},"content":{"rendered":"<p><strong>Atenci\u00f3n y concentraci\u00f3n en ni\u00f1os: c\u00f3mo mejorarlas con manualidades<\/strong><\/p>\n<p>\u201cEnfocar significa eliminar distracciones, no solo de otras personas, sino de las cosas que hacemos para distraernos\u201d. Catherine Pulsifer<\/p>\n<p>En los \u00faltimos a\u00f1os, cada vez m\u00e1s familias se preguntan c\u00f3mo mejorar la <strong>atenci\u00f3n y la concentraci\u00f3n en los ni\u00f1@s<\/strong>. La sobreestimulaci\u00f3n digital, el ritmo acelerado y la multitarea constante est\u00e1n impactando directamente en la capacidad de los menores para mantener el foco.<br \/>\nPero antes de intervenir, es importante entender qu\u00e9 significan realmente estos conceptos y c\u00f3mo podemos potenciarlos de forma natural y respetuosa con su desarrollo.<\/p>\n<ol>\n<li>Diferenciar atenci\u00f3n y concentraci\u00f3n<\/li>\n<li>Principales causas de falta de concentraci\u00f3n en los ni\u00f1os: Los ladrones de la atenci\u00f3n<\/li>\n<li>C\u00f3mo influyen las manualidades para potenciar la atenci\u00f3n y concentraci\u00f3n en los ni\u00f1@s<\/li>\n<li>Caja de herramientas para potenciar la concentraci\u00f3n con manualidades<\/li>\n<\/ol>\n<p>&nbsp;<\/p>\n<p><strong>1. \u00bfCu\u00e1l es la diferencia entre atenci\u00f3n y concentraci\u00f3n?<\/strong><br \/>\nA menudo usamos atenci\u00f3n y concentraci\u00f3n de forma indistinta y es importante diferenciarlas. La <strong>atenci\u00f3n<\/strong> significa seleccionar un est\u00edmulo de los m\u00faltiples que impactan en nuestro cerebro mientras que la concentraci\u00f3n es nuestra capacidad de mantenernos enfocados en ese est\u00edmulo un tiempo determinado. <strong>Concentrarnos<\/strong> significa una atenci\u00f3n sostenida en el tiempo. Si algo nos impacta a nivel sensorial el cerebro lo registra; un ruido elevado, algo que nos quema en nuestras manos \u2026 y nos hace atenderlo para reaccionar. Ahora bien, si mantenemos nuestro foco durante un tiempo ya estamos en modo concentraci\u00f3n, como cuando hacemos algo que nos gusta y motiva o bien cuando la trabajamos de forma consciente, aunque no estemos motivados.<\/p>\n<p>Muchas veces concentrarnos requiere un trabajo y una intenci\u00f3n porque no todas las actividades nos generan la suficiente motivaci\u00f3n para mantenernos en ellas mucho tiempo. A nuestra mente le gusta curiosear y recibir est\u00edmulos continuamente. As\u00ed que trabajar nuestro foco es una tarea interesante para conseguir ser m\u00e1s eficientes y tambi\u00e9n estar m\u00e1s presentes. La concentraci\u00f3n est\u00e1 relacionada con las funciones ejecutivas: planificaci\u00f3n, memoria de trabajo, organizaci\u00f3n y control de impulsos. Y, como cualquier habilidad, puede entrenarse.<\/p>\n<p>&nbsp;<\/p>\n<p><strong>2. Principales causas de falta de concentraci\u00f3n en ni\u00f1os: Los ladrones de la atenci\u00f3n<\/strong><br \/>\nExisten m\u00faltiples factores por los que nuestros menores pierden el foco hoy en d\u00eda o dicho de otra forma les cuesta mantenerse un tiempo en una tarea. Evidentemente siempre habr\u00e1 factores individuales y de base de la personalidad, que acentuar\u00e1n unos m\u00e1s que otros. Algunos a tener en cuenta son:<\/p>\n<ul>\n<li><strong>Medios digitales o pantallas<\/strong>: Mantenerse conectado a las pantallas por espacios demasiado largos genera el aislamiento del entorno y la p\u00e9rdida del control del tiempo. Los continuos est\u00edmulos visuales, la sobrecarga de informaci\u00f3n y el cambio continuo de im\u00e1genes hace que la mente se quede atrapada de una forma pasiva pero sumamente placentera para ella.<\/li>\n<li><strong>La multitarea<\/strong>. Varias tareas a la vez disminuyen nuestra eficacia. El cerebro procesa una tarea detr\u00e1s de otra. Atender a diferentes est\u00edmulos hace que se disperse la atenci\u00f3n.<\/li>\n<li><strong>La falta de descanso o sue\u00f1o<\/strong>.<\/li>\n<li><strong>La ansiedad o el estr\u00e9s<\/strong>. Estas patolog\u00edas ya son muy frecuentes, desgraciadamente, entre nuestros ni\u00f1@s y j\u00f3venes.<\/li>\n<li><strong>La falta de orden o de rutinas.<\/strong><\/li>\n<li><strong>La sobrecarga de informaci\u00f3n<\/strong>.<\/li>\n<li><strong>Entornos bulliciosos y desestructurados.<\/strong><\/li>\n<li><strong>La falta de espacios de juego o atenci\u00f3n compartida.<\/strong><\/li>\n<\/ul>\n<p>Todo ello favorece un cerebro m\u00e1s reactivo y menos entrenado para sostener el foco.<\/p>\n<p>&nbsp;<\/p>\n<p><strong>3. C\u00f3mo las manualidades ayudan a mejorar la concentraci\u00f3n<\/strong><\/p>\n<p><img fetchpriority=\"high\" decoding=\"async\" class=\" wp-image-7684 alignleft\" src=\"https:\/\/www.plico.es\/wp-content\/uploads\/2026\/02\/2025_plico_2167-262x300.jpg\" alt=\"\" width=\"226\" height=\"259\" srcset=\"https:\/\/www.plico.es\/wp-content\/uploads\/2026\/02\/2025_plico_2167-262x300.jpg 262w, https:\/\/www.plico.es\/wp-content\/uploads\/2026\/02\/2025_plico_2167-896x1024.jpg 896w, https:\/\/www.plico.es\/wp-content\/uploads\/2026\/02\/2025_plico_2167-768x878.jpg 768w, https:\/\/www.plico.es\/wp-content\/uploads\/2026\/02\/2025_plico_2167-1343x1536.jpg 1343w, https:\/\/www.plico.es\/wp-content\/uploads\/2026\/02\/2025_plico_2167-1791x2048.jpg 1791w, https:\/\/www.plico.es\/wp-content\/uploads\/2026\/02\/2025_plico_2167-800x915.jpg 800w, https:\/\/www.plico.es\/wp-content\/uploads\/2026\/02\/2025_plico_2167-1000x1143.jpg 1000w\" sizes=\"(max-width: 226px) 100vw, 226px\" \/><\/p>\n<p>El trabajo con las manos nos reconecta con una estimulaci\u00f3n sensorial primaria y ayuda a ese cerebro que hoy en d\u00eda est\u00e1 tan reactivo a poder bajar su nivel de activaci\u00f3n. Este es el primer paso para estar\u00a0presente en el aqu\u00ed y ahora. En ese momento reconectamos la parte prefrontal del cerebro, unida a funciones ejecutivas (planificaci\u00f3n, inhibici\u00f3n de est\u00edmulos, memoria, organizaci\u00f3n\u2026),<br \/>\ncon el cerebro emocional. Si a esto a\u00f1adimos actividades variadas que nos ayudan a potenciar nuestra creatividad, nos divierten y nos permiten compartir con otros ya estamos estimulando muchas hormonas y sustancias del placer.<\/p>\n<p>El mundo de las manualidades es muy amplio y nos permite trabajar con materiales, formas y herramientas adecuadas a la edad de los ni\u00f1os haciendo de la actividad un patr\u00f3n a medida de cada uno.<\/p>\n<p>Cuando un ni\u00f1@ crea, manipula o construye, entra en un estado de mayor presencia y calma. Es ah\u00ed donde la concentraci\u00f3n se fortalece de forma natural.<\/p>\n<p>&nbsp;<\/p>\n<p><strong>4. Caja de herramientas para mejorar la concentraci\u00f3n con las manualidades<\/strong><br \/>\n<strong>Etapa de 0 a 2 a\u00f1os<\/strong>: Estimulaci\u00f3n Sensorial. Potenciar temas sensoriales de manipulaci\u00f3n y exploraci\u00f3n: pintura con dedos no t\u00f3xica, plastilina blanda, esponjas, pegatinas grandes, papeles grandes, telas. <strong>Tareas como<\/strong>: pintura con dedos y esponja, estampar, rasgar papeles, modelar plastilina, pegar pegatinas.<\/p>\n<p><strong>Etapa de 3 a 6 a\u00f1os<\/strong>: Precisi\u00f3n y coordinaci\u00f3n. Ir introduciendo materiales m\u00e1s sofisticados y precisos que potencian la precisi\u00f3n y la coordinaci\u00f3n \u00f3culo manual: plastilina m\u00e1s dura, pegamento de barra, tijeras de punta redonda, papeles de colores, palitos, hojas, pegatinas de diversos tama\u00f1os, cart\u00f3n, botones grandes, telas, rotuladores finos y gruesos, punzones.<br \/>\n<strong>Tareas como<\/strong>: collages sencillos, rasgar y pegar papeles, ensartar cuentas, estampar con sellos, creaci\u00f3n de animales con cart\u00f3n, construcciones simples, hacer coronas, m\u00f3viles, marionetas, ilustrar libros peque\u00f1os, crear escenarios con figuras modeladas, pintura con acuarela y la ejecuci\u00f3n de trazos.<\/p>\n<p><strong>Etapa de 6 a 12 a\u00f1os<\/strong>: Materiales m\u00e1s estructurados y t\u00e9cnicos como pinzas, pinceles de punta fina, pistola de silicona fr\u00eda, cart\u00f3n pluma, palos de madera, lanas y cordeles de colores, alambre de aluminio, regla m\u00e9trica, escuadra, l\u00e1piz de grafito.<\/p>\n<p><strong><img decoding=\"async\" class=\"size-medium wp-image-7686 alignleft lazyload\" data-src=\"https:\/\/www.plico.es\/wp-content\/uploads\/2026\/02\/Bodego_news2026-scaled-e1771938425268-300x192.jpg\" alt=\"\" width=\"300\" height=\"192\" data-srcset=\"https:\/\/www.plico.es\/wp-content\/uploads\/2026\/02\/Bodego_news2026-scaled-e1771938425268-300x192.jpg 300w, https:\/\/www.plico.es\/wp-content\/uploads\/2026\/02\/Bodego_news2026-scaled-e1771938425268-1024x655.jpg 1024w, https:\/\/www.plico.es\/wp-content\/uploads\/2026\/02\/Bodego_news2026-scaled-e1771938425268-768x491.jpg 768w, https:\/\/www.plico.es\/wp-content\/uploads\/2026\/02\/Bodego_news2026-scaled-e1771938425268-1536x983.jpg 1536w, https:\/\/www.plico.es\/wp-content\/uploads\/2026\/02\/Bodego_news2026-scaled-e1771938425268-800x512.jpg 800w, https:\/\/www.plico.es\/wp-content\/uploads\/2026\/02\/Bodego_news2026-scaled-e1771938425268-1000x640.jpg 1000w, https:\/\/www.plico.es\/wp-content\/uploads\/2026\/02\/Bodego_news2026-scaled-e1771938425268.jpg 1574w\" data-sizes=\"(max-width: 300px) 100vw, 300px\" src=\"data:image\/svg+xml;base64,PHN2ZyB3aWR0aD0iMSIgaGVpZ2h0PSIxIiB4bWxucz0iaHR0cDovL3d3dy53My5vcmcvMjAwMC9zdmciPjwvc3ZnPg==\" style=\"--smush-placeholder-width: 300px; --smush-placeholder-aspect-ratio: 300\/192;\" \/>Tareas como<\/strong>: Mosaicos con legos o piezas peque\u00f1as, construcci\u00f3n de maquetas, personajes con plastilina, creaci\u00f3n de cuentos visuales, pintura con m\u00e1ndalas, hilogramas, lettering.<\/p>\n<p>En general ayuda poner gu\u00edas visuales para que los ni\u00f1@s trabajen con orden y planificaci\u00f3n. Tambi\u00e9n y muy importante hacer de estos momentos un espacio l\u00fadico, divertido, donde se genere un clima de calma, atenci\u00f3n e interacci\u00f3n positiva.<\/p>\n","protected":false},"excerpt":{"rendered":"<p>Atenci\u00f3n y concentraci\u00f3n en ni\u00f1os: c\u00f3mo mejorarlas con manualidades \u201cEnfocar significa eliminar distracciones, no solo de otras personas, sino de las cosas que hacemos para distraernos\u201d. Catherine Pulsifer En los \u00faltimos a\u00f1os, cada vez m\u00e1s familias se preguntan c\u00f3mo mejorar la atenci\u00f3n y la concentraci\u00f3n en los ni\u00f1@s. La sobreestimulaci\u00f3n digital, el ritmo acelerado y [&hellip;]<\/p>\n","protected":false},"author":2,"featured_media":7691,"comment_status":"closed","ping_status":"closed","sticky":false,"template":"","format":"standard","meta":{"footnotes":""},"categories":[530,533,1],"tags":[532,531],"class_list":["post-7681","post","type-post","status-publish","format-standard","has-post-thumbnail","hentry","category-beneficios-manualidades","category-manualidades-infantiles","category-sin-categorizar","tag-atencionconcentracionninos","tag-beneficiosmanualidadesinfantiles"],"yoast_head":"<!-- This site is optimized with the Yoast SEO plugin v27.5 - https:\/\/yoast.com\/product\/yoast-seo-wordpress\/ -->\n<title>Plico | La importancia de la Atenci\u00f3n y la Concentraci\u00f3n en los ni\u00f1os<\/title>\n<meta name=\"robots\" content=\"index, follow, max-snippet:-1, max-image-preview:large, max-video-preview:-1\" \/>\n<link rel=\"canonical\" href=\"https:\/\/www.plico.es\/pt-pt\/la-importancia-de-la-atencion-y-la-concentracion-en-los-ninos\/\" \/>\n<meta property=\"og:locale\" content=\"pt_PT\" \/>\n<meta property=\"og:type\" content=\"article\" \/>\n<meta property=\"og:title\" content=\"Plico | La importancia de la Atenci\u00f3n y la Concentraci\u00f3n en los ni\u00f1os\" \/>\n<meta property=\"og:description\" content=\"Atenci\u00f3n y concentraci\u00f3n en ni\u00f1os: c\u00f3mo mejorarlas con manualidades \u201cEnfocar significa eliminar distracciones, no solo de otras personas, sino de las cosas que hacemos para distraernos\u201d. Catherine Pulsifer En los \u00faltimos a\u00f1os, cada vez m\u00e1s familias se preguntan c\u00f3mo mejorar la atenci\u00f3n y la concentraci\u00f3n en los ni\u00f1@s. La sobreestimulaci\u00f3n digital, el ritmo acelerado y [&hellip;]\" \/>\n<meta property=\"og:url\" content=\"https:\/\/www.plico.es\/pt-pt\/la-importancia-de-la-atencion-y-la-concentracion-en-los-ninos\/\" \/>\n<meta property=\"og:site_name\" content=\"Plico\" \/>\n<meta property=\"article:publisher\" content=\"https:\/\/www.facebook.com\/plico2017\/\" \/>\n<meta property=\"article:published_time\" content=\"2026-02-24T13:09:49+00:00\" \/>\n<meta property=\"article:modified_time\" content=\"2026-02-24T13:21:04+00:00\" \/>\n<meta property=\"og:image\" content=\"https:\/\/www.plico.es\/wp-content\/uploads\/2026\/02\/BONAMIND-IMAGEN1.jpg\" \/>\n\t<meta property=\"og:image:width\" content=\"2240\" \/>\n\t<meta property=\"og:image:height\" content=\"1260\" \/>\n\t<meta property=\"og:image:type\" content=\"image\/jpeg\" \/>\n<meta name=\"author\" content=\"plico_user\" \/>\n<meta name=\"twitter:card\" content=\"summary_large_image\" \/>\n<meta name=\"twitter:label1\" content=\"Escrito por\" \/>\n\t<meta name=\"twitter:data1\" content=\"plico_user\" \/>\n\t<meta name=\"twitter:label2\" content=\"Tempo estimado de leitura\" \/>\n\t<meta name=\"twitter:data2\" content=\"5 minutos\" \/>\n<script type=\"application\/ld+json\" class=\"yoast-schema-graph\">{\"@context\":\"https:\\\/\\\/schema.org\",\"@graph\":[{\"@type\":\"Article\",\"@id\":\"https:\\\/\\\/www.plico.es\\\/pt-pt\\\/la-importancia-de-la-atencion-y-la-concentracion-en-los-ninos\\\/#article\",\"isPartOf\":{\"@id\":\"https:\\\/\\\/www.plico.es\\\/pt-pt\\\/la-importancia-de-la-atencion-y-la-concentracion-en-los-ninos\\\/\"},\"author\":{\"name\":\"plico_user\",\"@id\":\"https:\\\/\\\/www.plico.es\\\/pt-pt\\\/#\\\/schema\\\/person\\\/7b50c272f31f00fa554b62e857512059\"},\"headline\":\"La importancia de la Atenci\u00f3n y la Concentraci\u00f3n en los ni\u00f1os\",\"datePublished\":\"2026-02-24T13:09:49+00:00\",\"dateModified\":\"2026-02-24T13:21:04+00:00\",\"mainEntityOfPage\":{\"@id\":\"https:\\\/\\\/www.plico.es\\\/pt-pt\\\/la-importancia-de-la-atencion-y-la-concentracion-en-los-ninos\\\/\"},\"wordCount\":1081,\"publisher\":{\"@id\":\"https:\\\/\\\/www.plico.es\\\/pt-pt\\\/#organization\"},\"image\":{\"@id\":\"https:\\\/\\\/www.plico.es\\\/pt-pt\\\/la-importancia-de-la-atencion-y-la-concentracion-en-los-ninos\\\/#primaryimage\"},\"thumbnailUrl\":\"https:\\\/\\\/www.plico.es\\\/wp-content\\\/uploads\\\/2026\\\/02\\\/BONAMIND-IMAGEN1.jpg\",\"keywords\":[\"Atenci\u00f3nConcentraci\u00f3nNi\u00f1os\",\"BeneficiosManualidadesInfantiles\"],\"articleSection\":[\"beneficios manualidades\",\"manualidades infantiles\",\"Sin categorizar\"],\"inLanguage\":\"pt-PT\"},{\"@type\":\"WebPage\",\"@id\":\"https:\\\/\\\/www.plico.es\\\/pt-pt\\\/la-importancia-de-la-atencion-y-la-concentracion-en-los-ninos\\\/\",\"url\":\"https:\\\/\\\/www.plico.es\\\/pt-pt\\\/la-importancia-de-la-atencion-y-la-concentracion-en-los-ninos\\\/\",\"name\":\"Plico | La importancia de la Atenci\u00f3n y la Concentraci\u00f3n en los ni\u00f1os\",\"isPartOf\":{\"@id\":\"https:\\\/\\\/www.plico.es\\\/pt-pt\\\/#website\"},\"primaryImageOfPage\":{\"@id\":\"https:\\\/\\\/www.plico.es\\\/pt-pt\\\/la-importancia-de-la-atencion-y-la-concentracion-en-los-ninos\\\/#primaryimage\"},\"image\":{\"@id\":\"https:\\\/\\\/www.plico.es\\\/pt-pt\\\/la-importancia-de-la-atencion-y-la-concentracion-en-los-ninos\\\/#primaryimage\"},\"thumbnailUrl\":\"https:\\\/\\\/www.plico.es\\\/wp-content\\\/uploads\\\/2026\\\/02\\\/BONAMIND-IMAGEN1.jpg\",\"datePublished\":\"2026-02-24T13:09:49+00:00\",\"dateModified\":\"2026-02-24T13:21:04+00:00\",\"breadcrumb\":{\"@id\":\"https:\\\/\\\/www.plico.es\\\/pt-pt\\\/la-importancia-de-la-atencion-y-la-concentracion-en-los-ninos\\\/#breadcrumb\"},\"inLanguage\":\"pt-PT\",\"potentialAction\":[{\"@type\":\"ReadAction\",\"target\":[\"https:\\\/\\\/www.plico.es\\\/pt-pt\\\/la-importancia-de-la-atencion-y-la-concentracion-en-los-ninos\\\/\"]}]},{\"@type\":\"ImageObject\",\"inLanguage\":\"pt-PT\",\"@id\":\"https:\\\/\\\/www.plico.es\\\/pt-pt\\\/la-importancia-de-la-atencion-y-la-concentracion-en-los-ninos\\\/#primaryimage\",\"url\":\"https:\\\/\\\/www.plico.es\\\/wp-content\\\/uploads\\\/2026\\\/02\\\/BONAMIND-IMAGEN1.jpg\",\"contentUrl\":\"https:\\\/\\\/www.plico.es\\\/wp-content\\\/uploads\\\/2026\\\/02\\\/BONAMIND-IMAGEN1.jpg\",\"width\":2240,\"height\":1260},{\"@type\":\"BreadcrumbList\",\"@id\":\"https:\\\/\\\/www.plico.es\\\/pt-pt\\\/la-importancia-de-la-atencion-y-la-concentracion-en-los-ninos\\\/#breadcrumb\",\"itemListElement\":[{\"@type\":\"ListItem\",\"position\":1,\"name\":\"Portada\",\"item\":\"https:\\\/\\\/www.plico.es\\\/pt-pt\\\/\"},{\"@type\":\"ListItem\",\"position\":2,\"name\":\"La importancia de la Atenci\u00f3n y la Concentraci\u00f3n en los ni\u00f1os\"}]},{\"@type\":\"WebSite\",\"@id\":\"https:\\\/\\\/www.plico.es\\\/pt-pt\\\/#website\",\"url\":\"https:\\\/\\\/www.plico.es\\\/pt-pt\\\/\",\"name\":\"Plico\",\"description\":\"Expertos en Manualidades\",\"publisher\":{\"@id\":\"https:\\\/\\\/www.plico.es\\\/pt-pt\\\/#organization\"},\"alternateName\":\"Productos L\u00edderes Comercializados, S.A.\",\"potentialAction\":[{\"@type\":\"SearchAction\",\"target\":{\"@type\":\"EntryPoint\",\"urlTemplate\":\"https:\\\/\\\/www.plico.es\\\/pt-pt\\\/?s={search_term_string}\"},\"query-input\":{\"@type\":\"PropertyValueSpecification\",\"valueRequired\":true,\"valueName\":\"search_term_string\"}}],\"inLanguage\":\"pt-PT\"},{\"@type\":\"Organization\",\"@id\":\"https:\\\/\\\/www.plico.es\\\/pt-pt\\\/#organization\",\"name\":\"Plico\",\"alternateName\":\"Productos L\u00edderes Comercializados, S.A.\",\"url\":\"https:\\\/\\\/www.plico.es\\\/pt-pt\\\/\",\"logo\":{\"@type\":\"ImageObject\",\"inLanguage\":\"pt-PT\",\"@id\":\"https:\\\/\\\/www.plico.es\\\/pt-pt\\\/#\\\/schema\\\/logo\\\/image\\\/\",\"url\":\"https:\\\/\\\/www.plico.es\\\/wp-content\\\/uploads\\\/2022\\\/05\\\/logo_plico.png\",\"contentUrl\":\"https:\\\/\\\/www.plico.es\\\/wp-content\\\/uploads\\\/2022\\\/05\\\/logo_plico.png\",\"width\":400,\"height\":185,\"caption\":\"Plico\"},\"image\":{\"@id\":\"https:\\\/\\\/www.plico.es\\\/pt-pt\\\/#\\\/schema\\\/logo\\\/image\\\/\"},\"sameAs\":[\"https:\\\/\\\/www.facebook.com\\\/plico2017\\\/\",\"https:\\\/\\\/www.instagram.com\\\/plico_es\\\/\",\"https:\\\/\\\/www.youtube.com\\\/channel\\\/UCC1ygHF4QAP-CTLDlHMLs7g\"]},{\"@type\":\"Person\",\"@id\":\"https:\\\/\\\/www.plico.es\\\/pt-pt\\\/#\\\/schema\\\/person\\\/7b50c272f31f00fa554b62e857512059\",\"name\":\"plico_user\",\"image\":{\"@type\":\"ImageObject\",\"inLanguage\":\"pt-PT\",\"@id\":\"https:\\\/\\\/secure.gravatar.com\\\/avatar\\\/588744d89c9f06eca6ec712dc827fb4b1625ddc00a4ed144f222a3c97eb886e4?s=96&d=mm&r=g\",\"url\":\"https:\\\/\\\/secure.gravatar.com\\\/avatar\\\/588744d89c9f06eca6ec712dc827fb4b1625ddc00a4ed144f222a3c97eb886e4?s=96&d=mm&r=g\",\"contentUrl\":\"https:\\\/\\\/secure.gravatar.com\\\/avatar\\\/588744d89c9f06eca6ec712dc827fb4b1625ddc00a4ed144f222a3c97eb886e4?s=96&d=mm&r=g\",\"caption\":\"plico_user\"},\"sameAs\":[\"http:\\\/\\\/plico.es\"],\"url\":\"https:\\\/\\\/www.plico.es\\\/pt-pt\\\/author\\\/plico_user\\\/\"}]}<\/script>\n<!-- \/ Yoast SEO plugin. -->","yoast_head_json":{"title":"Plico | La importancia de la Atenci\u00f3n y la Concentraci\u00f3n en los ni\u00f1os","robots":{"index":"index","follow":"follow","max-snippet":"max-snippet:-1","max-image-preview":"max-image-preview:large","max-video-preview":"max-video-preview:-1"},"canonical":"https:\/\/www.plico.es\/pt-pt\/la-importancia-de-la-atencion-y-la-concentracion-en-los-ninos\/","og_locale":"pt_PT","og_type":"article","og_title":"Plico | La importancia de la Atenci\u00f3n y la Concentraci\u00f3n en los ni\u00f1os","og_description":"Atenci\u00f3n y concentraci\u00f3n en ni\u00f1os: c\u00f3mo mejorarlas con manualidades \u201cEnfocar significa eliminar distracciones, no solo de otras personas, sino de las cosas que hacemos para distraernos\u201d. Catherine Pulsifer En los \u00faltimos a\u00f1os, cada vez m\u00e1s familias se preguntan c\u00f3mo mejorar la atenci\u00f3n y la concentraci\u00f3n en los ni\u00f1@s. La sobreestimulaci\u00f3n digital, el ritmo acelerado y [&hellip;]","og_url":"https:\/\/www.plico.es\/pt-pt\/la-importancia-de-la-atencion-y-la-concentracion-en-los-ninos\/","og_site_name":"Plico","article_publisher":"https:\/\/www.facebook.com\/plico2017\/","article_published_time":"2026-02-24T13:09:49+00:00","article_modified_time":"2026-02-24T13:21:04+00:00","og_image":[{"width":2240,"height":1260,"url":"https:\/\/www.plico.es\/wp-content\/uploads\/2026\/02\/BONAMIND-IMAGEN1.jpg","type":"image\/jpeg"}],"author":"plico_user","twitter_card":"summary_large_image","twitter_misc":{"Escrito por":"plico_user","Tempo estimado de leitura":"5 minutos"},"schema":{"@context":"https:\/\/schema.org","@graph":[{"@type":"Article","@id":"https:\/\/www.plico.es\/pt-pt\/la-importancia-de-la-atencion-y-la-concentracion-en-los-ninos\/#article","isPartOf":{"@id":"https:\/\/www.plico.es\/pt-pt\/la-importancia-de-la-atencion-y-la-concentracion-en-los-ninos\/"},"author":{"name":"plico_user","@id":"https:\/\/www.plico.es\/pt-pt\/#\/schema\/person\/7b50c272f31f00fa554b62e857512059"},"headline":"La importancia de la Atenci\u00f3n y la Concentraci\u00f3n en los ni\u00f1os","datePublished":"2026-02-24T13:09:49+00:00","dateModified":"2026-02-24T13:21:04+00:00","mainEntityOfPage":{"@id":"https:\/\/www.plico.es\/pt-pt\/la-importancia-de-la-atencion-y-la-concentracion-en-los-ninos\/"},"wordCount":1081,"publisher":{"@id":"https:\/\/www.plico.es\/pt-pt\/#organization"},"image":{"@id":"https:\/\/www.plico.es\/pt-pt\/la-importancia-de-la-atencion-y-la-concentracion-en-los-ninos\/#primaryimage"},"thumbnailUrl":"https:\/\/www.plico.es\/wp-content\/uploads\/2026\/02\/BONAMIND-IMAGEN1.jpg","keywords":["Atenci\u00f3nConcentraci\u00f3nNi\u00f1os","BeneficiosManualidadesInfantiles"],"articleSection":["beneficios manualidades","manualidades infantiles","Sin categorizar"],"inLanguage":"pt-PT"},{"@type":"WebPage","@id":"https:\/\/www.plico.es\/pt-pt\/la-importancia-de-la-atencion-y-la-concentracion-en-los-ninos\/","url":"https:\/\/www.plico.es\/pt-pt\/la-importancia-de-la-atencion-y-la-concentracion-en-los-ninos\/","name":"Plico | La importancia de la Atenci\u00f3n y la Concentraci\u00f3n en los ni\u00f1os","isPartOf":{"@id":"https:\/\/www.plico.es\/pt-pt\/#website"},"primaryImageOfPage":{"@id":"https:\/\/www.plico.es\/pt-pt\/la-importancia-de-la-atencion-y-la-concentracion-en-los-ninos\/#primaryimage"},"image":{"@id":"https:\/\/www.plico.es\/pt-pt\/la-importancia-de-la-atencion-y-la-concentracion-en-los-ninos\/#primaryimage"},"thumbnailUrl":"https:\/\/www.plico.es\/wp-content\/uploads\/2026\/02\/BONAMIND-IMAGEN1.jpg","datePublished":"2026-02-24T13:09:49+00:00","dateModified":"2026-02-24T13:21:04+00:00","breadcrumb":{"@id":"https:\/\/www.plico.es\/pt-pt\/la-importancia-de-la-atencion-y-la-concentracion-en-los-ninos\/#breadcrumb"},"inLanguage":"pt-PT","potentialAction":[{"@type":"ReadAction","target":["https:\/\/www.plico.es\/pt-pt\/la-importancia-de-la-atencion-y-la-concentracion-en-los-ninos\/"]}]},{"@type":"ImageObject","inLanguage":"pt-PT","@id":"https:\/\/www.plico.es\/pt-pt\/la-importancia-de-la-atencion-y-la-concentracion-en-los-ninos\/#primaryimage","url":"https:\/\/www.plico.es\/wp-content\/uploads\/2026\/02\/BONAMIND-IMAGEN1.jpg","contentUrl":"https:\/\/www.plico.es\/wp-content\/uploads\/2026\/02\/BONAMIND-IMAGEN1.jpg","width":2240,"height":1260},{"@type":"BreadcrumbList","@id":"https:\/\/www.plico.es\/pt-pt\/la-importancia-de-la-atencion-y-la-concentracion-en-los-ninos\/#breadcrumb","itemListElement":[{"@type":"ListItem","position":1,"name":"Portada","item":"https:\/\/www.plico.es\/pt-pt\/"},{"@type":"ListItem","position":2,"name":"La importancia de la Atenci\u00f3n y la Concentraci\u00f3n en los ni\u00f1os"}]},{"@type":"WebSite","@id":"https:\/\/www.plico.es\/pt-pt\/#website","url":"https:\/\/www.plico.es\/pt-pt\/","name":"Plico","description":"Expertos en Manualidades","publisher":{"@id":"https:\/\/www.plico.es\/pt-pt\/#organization"},"alternateName":"Productos L\u00edderes Comercializados, S.A.","potentialAction":[{"@type":"SearchAction","target":{"@type":"EntryPoint","urlTemplate":"https:\/\/www.plico.es\/pt-pt\/?s={search_term_string}"},"query-input":{"@type":"PropertyValueSpecification","valueRequired":true,"valueName":"search_term_string"}}],"inLanguage":"pt-PT"},{"@type":"Organization","@id":"https:\/\/www.plico.es\/pt-pt\/#organization","name":"Plico","alternateName":"Productos L\u00edderes Comercializados, S.A.","url":"https:\/\/www.plico.es\/pt-pt\/","logo":{"@type":"ImageObject","inLanguage":"pt-PT","@id":"https:\/\/www.plico.es\/pt-pt\/#\/schema\/logo\/image\/","url":"https:\/\/www.plico.es\/wp-content\/uploads\/2022\/05\/logo_plico.png","contentUrl":"https:\/\/www.plico.es\/wp-content\/uploads\/2022\/05\/logo_plico.png","width":400,"height":185,"caption":"Plico"},"image":{"@id":"https:\/\/www.plico.es\/pt-pt\/#\/schema\/logo\/image\/"},"sameAs":["https:\/\/www.facebook.com\/plico2017\/","https:\/\/www.instagram.com\/plico_es\/","https:\/\/www.youtube.com\/channel\/UCC1ygHF4QAP-CTLDlHMLs7g"]},{"@type":"Person","@id":"https:\/\/www.plico.es\/pt-pt\/#\/schema\/person\/7b50c272f31f00fa554b62e857512059","name":"plico_user","image":{"@type":"ImageObject","inLanguage":"pt-PT","@id":"https:\/\/secure.gravatar.com\/avatar\/588744d89c9f06eca6ec712dc827fb4b1625ddc00a4ed144f222a3c97eb886e4?s=96&d=mm&r=g","url":"https:\/\/secure.gravatar.com\/avatar\/588744d89c9f06eca6ec712dc827fb4b1625ddc00a4ed144f222a3c97eb886e4?s=96&d=mm&r=g","contentUrl":"https:\/\/secure.gravatar.com\/avatar\/588744d89c9f06eca6ec712dc827fb4b1625ddc00a4ed144f222a3c97eb886e4?s=96&d=mm&r=g","caption":"plico_user"},"sameAs":["http:\/\/plico.es"],"url":"https:\/\/www.plico.es\/pt-pt\/author\/plico_user\/"}]}},"_links":{"self":[{"href":"https:\/\/www.plico.es\/pt-pt\/wp-json\/wp\/v2\/posts\/7681","targetHints":{"allow":["GET"]}}],"collection":[{"href":"https:\/\/www.plico.es\/pt-pt\/wp-json\/wp\/v2\/posts"}],"about":[{"href":"https:\/\/www.plico.es\/pt-pt\/wp-json\/wp\/v2\/types\/post"}],"author":[{"embeddable":true,"href":"https:\/\/www.plico.es\/pt-pt\/wp-json\/wp\/v2\/users\/2"}],"replies":[{"embeddable":true,"href":"https:\/\/www.plico.es\/pt-pt\/wp-json\/wp\/v2\/comments?post=7681"}],"version-history":[{"count":6,"href":"https:\/\/www.plico.es\/pt-pt\/wp-json\/wp\/v2\/posts\/7681\/revisions"}],"predecessor-version":[{"id":7692,"href":"https:\/\/www.plico.es\/pt-pt\/wp-json\/wp\/v2\/posts\/7681\/revisions\/7692"}],"wp:featuredmedia":[{"embeddable":true,"href":"https:\/\/www.plico.es\/pt-pt\/wp-json\/wp\/v2\/media\/7691"}],"wp:attachment":[{"href":"https:\/\/www.plico.es\/pt-pt\/wp-json\/wp\/v2\/media?parent=7681"}],"wp:term":[{"taxonomy":"category","embeddable":true,"href":"https:\/\/www.plico.es\/pt-pt\/wp-json\/wp\/v2\/categories?post=7681"},{"taxonomy":"post_tag","embeddable":true,"href":"https:\/\/www.plico.es\/pt-pt\/wp-json\/wp\/v2\/tags?post=7681"}],"curies":[{"name":"wp","href":"https:\/\/api.w.org\/{rel}","templated":true}]}}