{"id":8501,"date":"2026-04-10T10:26:57","date_gmt":"2026-04-10T08:26:57","guid":{"rendered":"https:\/\/www.plico.es\/?p=8501"},"modified":"2026-04-10T10:26:57","modified_gmt":"2026-04-10T08:26:57","slug":"manos-que-sienten-la-inteligencia-emocional-en-la-etapa-de-0-a-12-anos","status":"publish","type":"post","link":"https:\/\/www.plico.es\/pt-pt\/manos-que-sienten-la-inteligencia-emocional-en-la-etapa-de-0-a-12-anos\/","title":{"rendered":"Manos que sienten: La inteligencia emocional en la etapa de 0 A 12 a\u00f1os"},"content":{"rendered":"<p>\u201cSentir es un ejercicio de conexi\u00f3n con nosotros y con el mundo que nos rodea\u201d<\/p>\n<p>&nbsp;<\/p>\n<ol>\n<li><strong>HABLANDO DE INTELIGENCIA EMOCIONAL<\/strong><\/li>\n<li><strong>EL PASO POR LAS DIFERENTES ETAPAS: 0-3 A\u00d1OS, 3-6 A\u00d1OS, 6-12 A\u00d1OS<\/strong><\/li>\n<li><strong>ACTIVIDADES RELACIONADAS CON EL TRABAJO MANUAL Y EMOCIONES<\/strong><\/li>\n<li><strong>LA MIRADA DEL ADULTO.<\/strong><\/li>\n<\/ol>\n<p>&nbsp;<\/p>\n<ol>\n<li><strong>HABLANDO DE INTELIGENCIA EMOCIONAL<\/strong><\/li>\n<\/ol>\n<p>La inteligencia emocional se define, seg\u00fan Daniel Goleman, como \u201cla capacidad de reconocer nuestras emociones y las de los dem\u00e1s, de motivarnos y de manejar adecuadamente las relaciones\u201d. Desde los a\u00f1os 90 del siglo pasado, cuando este autor norteamericano publica su libro \u201cInteligencia Emocional\u201d, ha surgido un inter\u00e9s para conocer c\u00f3mo las emociones determinan nuestra vida, nuestros pensamientos y nuestra capacidad para desarrollar empat\u00eda y relacionarnos. Desde entonces se ha profundizado y hablado mucho sobre c\u00f3mo potenciar la inteligencia emocional en los diferentes \u00e1mbitos de nuestra sociedad desde las escuelas, las empresas, instituciones diversas, y por supuesto, tambi\u00e9n en la educaci\u00f3n de los ni\u00f1os y de las ni\u00f1as. A partir de ah\u00ed se abre una perspectiva para darnos la oportunidad de incluir en nuestro lenguaje y en nuestro conocimiento del mundo que nos rodea, el aprendizaje emocional.<\/p>\n<p>El trabajo con el mundo emocional potencia nuestro autoconocimiento, la regulaci\u00f3n de nuestros impulsos, as\u00ed como nuestra capacidad para motivarnos, empatizar con otros y desarrollar nuestras habilidades sociales. Todas estas competencias son determinantes para una vida m\u00e1s consciente y adaptativa.<\/p>\n<p>Sentir implica reconocer, nombrar, comprender y actuar en consecuencia.<\/p>\n<p>&nbsp;<\/p>\n<ol start=\"2\">\n<li><strong>EL PASO POR LAS DIFERENTES ETAPAS: 0-3 A\u00d1OS, 3-6 A\u00d1OS, 6-12 A\u00d1OS<\/strong><\/li>\n<\/ol>\n<p>Las emociones tambi\u00e9n evolucionan en las diferentes etapas de nuestro desarrollo. A medida que crecemos somos m\u00e1s capaces de diversificar nuestro vocabulario y tambi\u00e9n nuestra capacidad para manejar nuestro mundo emocional.<\/p>\n<p>Veamos pues brevemente las diferentes etapas por las que pasan los ni\u00f1@s hasta su preadolescencia.<\/p>\n<p>&nbsp;<\/p>\n<p><strong>0-3 a\u00f1os: La etapa sensorial. El despertar de las sensaciones<\/strong><\/p>\n<p>El ni\u00f1@ aprende a identificar sus sensaciones f\u00edsicas y las emociones b\u00e1sicas (miedo, alegr\u00eda, tristeza, rabia). En esta etapa es importante todo lo f\u00edsico y sensorial. Se inician los primeros etiquetados y relaciones entro lo sentido y lo nombrado. Los ni\u00f1os relacionan las p\u00e9rdidas con la tristeza o los obst\u00e1culos o frustraciones con la rabia.<\/p>\n<p>&nbsp;<\/p>\n<p><strong>3-6 a\u00f1os: La etapa simb\u00f3lica. Poner nombre a lo invisible.<\/strong><\/p>\n<p>Es aqu\u00ed cuando el lenguaje, ya en fase de desarrollo importante en el ni\u00f1@, empieza a ser un buen instrumento para nombrar aquello que se siente. Dar nombre a lo que se siente permite al ni\u00f1@ ordenar sus emociones y comprender aquello que le sucede.<\/p>\n<p>Este trabajo con uno mismo le permite al ni\u00f1@ desarrollar el inicio de la empat\u00eda y el v\u00ednculo con los dem\u00e1s.<\/p>\n<p>&nbsp;<\/p>\n<p><strong>6-12 a\u00f1os: La etapa social y reflexiva. <\/strong><\/p>\n<p>En esta etapa la importancia del grupo y las actividades grupales son fundamentales para la sensaci\u00f3n de pertenencia e inclusi\u00f3n social. Es en esta etapa d\u00f3nde la regulaci\u00f3n emocional, la tolerancia a la frustraci\u00f3n y la capacidad de resoluci\u00f3n de conflictos ayuda a construir un buen concepto de s\u00ed mismo. Es en esta fase cuando es tan importante esos aprendizajes emocionales que ayudan a entender el mundo que les rodea y tambi\u00e9n a potenciar su autoconocimiento. Los ni\u00f1@s ya son capaces de entender, hablar sobre lo que sienten y entender las emociones de los otros.<\/p>\n<p>&nbsp;<\/p>\n<ol start=\"3\">\n<li><strong>ACTIVIDADES RELACIONADAS CON EL TRABAJO MANUAL Y EMOCIONES<\/strong><\/li>\n<\/ol>\n<p>&nbsp;<\/p>\n<p>El trabajo manual es el primero y m\u00e1s b\u00e1sico ejercicio sensorial que poseemos. Los ni\u00f1@s usan sus manos como un medio para conocer el mundo externo y tambi\u00e9n para hacer de puente entre su realidad interior y la realidad exterior. Son uno de los canales por el que expresamos y hablamos. Es des de ese lugar donde podemos entenderles y llegar a su mundo interior de una forma respetuosa y l\u00fadica.<\/p>\n<p>&nbsp;<\/p>\n<p>Actividades y materiales<\/p>\n<p><strong>De 0 a 3 a\u00f1os.<\/strong> Crear con las manos como una forma de fortalecer el v\u00ednculo y la autorregulaci\u00f3n emocional.<\/p>\n<p><strong>Materiales:<\/strong> Pintura de dedos, algod\u00f3n, masas de sal, lija, papel, cartulinas, plastilina, lana.<\/p>\n<p><strong>Actividades:<\/strong><\/p>\n<p><strong>\u00a0El term\u00f3metro de las emociones<\/strong>; el algod\u00f3n suave como la calma y la lija \u00e1spera como el enfado.<\/p>\n<p><strong>El cesto de los tesoros<\/strong>; llenar un cesto con texturas diferentes y asociarlas a sensaciones de bienestar.<\/p>\n<p><strong>Masajes<\/strong> que estimulan el contacto y las sensaciones corporales.<\/p>\n<p>&nbsp;<\/p>\n<p><strong><img fetchpriority=\"high\" decoding=\"async\" class=\"size-medium wp-image-8505 alignleft\" src=\"https:\/\/www.plico.es\/wp-content\/uploads\/2026\/04\/2024_Plico_manualidad_A_06bis-300x194.jpg\" alt=\"\" width=\"300\" height=\"194\" srcset=\"https:\/\/www.plico.es\/wp-content\/uploads\/2026\/04\/2024_Plico_manualidad_A_06bis-300x194.jpg 300w, https:\/\/www.plico.es\/wp-content\/uploads\/2026\/04\/2024_Plico_manualidad_A_06bis-1024x662.jpg 1024w, https:\/\/www.plico.es\/wp-content\/uploads\/2026\/04\/2024_Plico_manualidad_A_06bis-768x497.jpg 768w, https:\/\/www.plico.es\/wp-content\/uploads\/2026\/04\/2024_Plico_manualidad_A_06bis-1536x994.jpg 1536w, https:\/\/www.plico.es\/wp-content\/uploads\/2026\/04\/2024_Plico_manualidad_A_06bis-2048x1325.jpg 2048w, https:\/\/www.plico.es\/wp-content\/uploads\/2026\/04\/2024_Plico_manualidad_A_06bis-800x518.jpg 800w, https:\/\/www.plico.es\/wp-content\/uploads\/2026\/04\/2024_Plico_manualidad_A_06bis-1000x647.jpg 1000w\" sizes=\"(max-width: 300px) 100vw, 300px\" \/>De 3-6 a\u00f1os.<\/strong> La emoci\u00f3n se puede representar y la podemos observar y gestionar.<\/p>\n<p><strong>Materiales:<\/strong> colores, s\u00edmbolos, dibujos, papel, rotuladores, pegamentos, pinturas, palos de madera, cart\u00f3n.<\/p>\n<p><strong>Actividades:<\/strong><\/p>\n<p><strong>El bote de la calma;<\/strong> bote o botella de pl\u00e1stico para rellenar con agua, purpurina, objetos peque\u00f1os. El ni\u00f1@ agita el bote y observa como cae la purpurina se calman sus pensamientos.<\/p>\n<p><strong>M\u00e1scaras de las emociones;<\/strong> Usar platos de papel y pintar diferentes emociones, usar palo de madera para jugar a identificar emociones o situaciones de cuentos.<\/p>\n<p><strong>Collage mi lugar seguro<\/strong>; revistas viejas, tijeras de punta redonda. Pegar en una cartulina comidas, paisajes, juguetes que les hagan sentir bien y les conecten con la seguridad y la confianza.<\/p>\n<p>&nbsp;<\/p>\n<p><strong>6-12 a\u00f1os.<\/strong> Aprender a trabajar la frustraci\u00f3n, la paciencia y exteriorizar los conflictos internos.<\/p>\n<p><strong>Materiales:<\/strong> libreta, rotuladores, cintas, revistas, botes de pl\u00e1stico, bol\u00edgrafos, arcilla, piedras, palos de madera, pinzas de madera, hilos, telas diversas, cintas.<\/p>\n<p><strong>Actividades: <\/strong><\/p>\n<p><strong>El diario de las emociones<\/strong>; Usar los colores para identificar la emoci\u00f3n y expresar lo que le ha sucedido. Decorar con s\u00edmbolos ayuda a la significaci\u00f3n de lo sucedido y a la autorregulaci\u00f3n emocional.<\/p>\n<p><strong>El bote de los logros<\/strong>; Escribir en un papel cada vez que supere un reto o aprende algo y cada mes puede vaciarlo y leer sus logros. Le ayuda a ganar confianza y sensaci\u00f3n de aumento de capacidad.<\/p>\n<p><strong>Esculturas o maquetas<\/strong> con plastilina, arcilla, madera para modelar sus sensaciones y expresar sus emociones.<\/p>\n<p>&nbsp;<\/p>\n<ol start=\"4\">\n<li><strong>LA MIRADA DEL ADULTO<\/strong><\/li>\n<\/ol>\n<p>Las actividades manuales nos devuelven el espacio de conexi\u00f3n con lo que hacemos de una forma consciente pero tambi\u00e9n nos ofrecen la oportunidad de acompa\u00f1arnos unos a otros en el proceso. El adulto est\u00e1 presente en una interacci\u00f3n, sin pantallas que distraigan, y al mismo tiempo pudiendo ejercer una escucha activa delante de un momento en el que los nin@s pueden expresar libremente sus emociones. No es el momento de corregirlos sino de acompa\u00f1arlos y estar atentos a sus creaciones reforzando su seguridad y su autoconcepto.<\/p>\n<p><strong>Potenciemos que los ni\u00f1@s desarrollen un coraz\u00f3n bien moldeado con sus manos.<\/strong><\/p>\n<p><img decoding=\"async\" class=\"alignnone size-medium wp-image-8504 lazyload\" data-src=\"https:\/\/www.plico.es\/wp-content\/uploads\/2026\/04\/portrada-youtube-300x169.jpg\" alt=\"\" width=\"300\" height=\"169\" data-srcset=\"https:\/\/www.plico.es\/wp-content\/uploads\/2026\/04\/portrada-youtube-300x169.jpg 300w, https:\/\/www.plico.es\/wp-content\/uploads\/2026\/04\/portrada-youtube-1024x576.jpg 1024w, https:\/\/www.plico.es\/wp-content\/uploads\/2026\/04\/portrada-youtube-768x432.jpg 768w, https:\/\/www.plico.es\/wp-content\/uploads\/2026\/04\/portrada-youtube-800x450.jpg 800w, https:\/\/www.plico.es\/wp-content\/uploads\/2026\/04\/portrada-youtube-1000x563.jpg 1000w, https:\/\/www.plico.es\/wp-content\/uploads\/2026\/04\/portrada-youtube.jpg 1280w\" data-sizes=\"(max-width: 300px) 100vw, 300px\" src=\"data:image\/svg+xml;base64,PHN2ZyB3aWR0aD0iMSIgaGVpZ2h0PSIxIiB4bWxucz0iaHR0cDovL3d3dy53My5vcmcvMjAwMC9zdmciPjwvc3ZnPg==\" style=\"--smush-placeholder-width: 300px; --smush-placeholder-aspect-ratio: 300\/169;\" \/><\/p>\n<p>&nbsp;<\/p>\n<p>&nbsp;<\/p>\n<p>&nbsp;<\/p>\n<p>&nbsp;<\/p>\n<p>&nbsp;<\/p>\n<p>&nbsp;<\/p>\n","protected":false},"excerpt":{"rendered":"<p>\u201cSentir es un ejercicio de conexi\u00f3n con nosotros y con el mundo que nos rodea\u201d &nbsp; HABLANDO DE INTELIGENCIA EMOCIONAL EL PASO POR LAS DIFERENTES ETAPAS: 0-3 A\u00d1OS, 3-6 A\u00d1OS, 6-12 A\u00d1OS ACTIVIDADES RELACIONADAS CON EL TRABAJO MANUAL Y EMOCIONES LA MIRADA DEL ADULTO. &nbsp; HABLANDO DE INTELIGENCIA EMOCIONAL La inteligencia emocional se define, seg\u00fan [&hellip;]<\/p>\n","protected":false},"author":2,"featured_media":8503,"comment_status":"closed","ping_status":"closed","sticky":false,"template":"","format":"standard","meta":{"footnotes":""},"categories":[541,540,542],"tags":[545,543,544],"class_list":["post-8501","post","type-post","status-publish","format-standard","has-post-thumbnail","hentry","category-beneficios-manualides-infantiles","category-inteligencia-emocional","category-trabajo-manual-y-emociones","tag-beneficiosmanualidesinfantiles","tag-inteligenciaemocional","tag-trabajomanualemociones"],"yoast_head":"<!-- This site is optimized with the Yoast SEO plugin v27.4 - https:\/\/yoast.com\/product\/yoast-seo-wordpress\/ -->\n<title>Plico | Manos que sienten: La inteligencia emocional en la etapa de 0 A 12 a\u00f1os<\/title>\n<meta name=\"robots\" content=\"index, follow, max-snippet:-1, max-image-preview:large, max-video-preview:-1\" \/>\n<link rel=\"canonical\" href=\"https:\/\/www.plico.es\/pt-pt\/manos-que-sienten-la-inteligencia-emocional-en-la-etapa-de-0-a-12-anos\/\" \/>\n<meta property=\"og:locale\" content=\"pt_PT\" \/>\n<meta property=\"og:type\" content=\"article\" \/>\n<meta property=\"og:title\" content=\"Plico | Manos que sienten: La inteligencia emocional en la etapa de 0 A 12 a\u00f1os\" \/>\n<meta property=\"og:description\" content=\"\u201cSentir es un ejercicio de conexi\u00f3n con nosotros y con el mundo que nos rodea\u201d &nbsp; HABLANDO DE INTELIGENCIA EMOCIONAL EL PASO POR LAS DIFERENTES ETAPAS: 0-3 A\u00d1OS, 3-6 A\u00d1OS, 6-12 A\u00d1OS ACTIVIDADES RELACIONADAS CON EL TRABAJO MANUAL Y EMOCIONES LA MIRADA DEL ADULTO. &nbsp; HABLANDO DE INTELIGENCIA EMOCIONAL La inteligencia emocional se define, seg\u00fan [&hellip;]\" \/>\n<meta property=\"og:url\" content=\"https:\/\/www.plico.es\/pt-pt\/manos-que-sienten-la-inteligencia-emocional-en-la-etapa-de-0-a-12-anos\/\" \/>\n<meta property=\"og:site_name\" content=\"Plico\" \/>\n<meta property=\"article:publisher\" content=\"https:\/\/www.facebook.com\/plico2017\/\" \/>\n<meta property=\"article:published_time\" content=\"2026-04-10T08:26:57+00:00\" \/>\n<meta property=\"og:image\" content=\"https:\/\/www.plico.es\/wp-content\/uploads\/2026\/04\/CONSEJOS-BONAMIND.jpg\" \/>\n\t<meta property=\"og:image:width\" content=\"2240\" \/>\n\t<meta property=\"og:image:height\" content=\"1260\" \/>\n\t<meta property=\"og:image:type\" content=\"image\/jpeg\" \/>\n<meta name=\"author\" content=\"plico_user\" \/>\n<meta name=\"twitter:card\" content=\"summary_large_image\" \/>\n<meta name=\"twitter:label1\" content=\"Escrito por\" \/>\n\t<meta name=\"twitter:data1\" content=\"plico_user\" \/>\n\t<meta name=\"twitter:label2\" content=\"Tempo estimado de leitura\" \/>\n\t<meta name=\"twitter:data2\" content=\"6 minutos\" \/>\n<script type=\"application\/ld+json\" class=\"yoast-schema-graph\">{\"@context\":\"https:\\\/\\\/schema.org\",\"@graph\":[{\"@type\":\"Article\",\"@id\":\"https:\\\/\\\/www.plico.es\\\/pt-pt\\\/manos-que-sienten-la-inteligencia-emocional-en-la-etapa-de-0-a-12-anos\\\/#article\",\"isPartOf\":{\"@id\":\"https:\\\/\\\/www.plico.es\\\/pt-pt\\\/manos-que-sienten-la-inteligencia-emocional-en-la-etapa-de-0-a-12-anos\\\/\"},\"author\":{\"name\":\"plico_user\",\"@id\":\"https:\\\/\\\/www.plico.es\\\/pt-pt\\\/#\\\/schema\\\/person\\\/7b50c272f31f00fa554b62e857512059\"},\"headline\":\"Manos que sienten: La inteligencia emocional en la etapa de 0 A 12 a\u00f1os\",\"datePublished\":\"2026-04-10T08:26:57+00:00\",\"mainEntityOfPage\":{\"@id\":\"https:\\\/\\\/www.plico.es\\\/pt-pt\\\/manos-que-sienten-la-inteligencia-emocional-en-la-etapa-de-0-a-12-anos\\\/\"},\"wordCount\":1143,\"publisher\":{\"@id\":\"https:\\\/\\\/www.plico.es\\\/pt-pt\\\/#organization\"},\"image\":{\"@id\":\"https:\\\/\\\/www.plico.es\\\/pt-pt\\\/manos-que-sienten-la-inteligencia-emocional-en-la-etapa-de-0-a-12-anos\\\/#primaryimage\"},\"thumbnailUrl\":\"https:\\\/\\\/www.plico.es\\\/wp-content\\\/uploads\\\/2026\\\/04\\\/CONSEJOS-BONAMIND.jpg\",\"keywords\":[\"BeneficiosManualidesInfantiles\",\"InteligenciaEmocional\",\"TrabajoManualEmociones\"],\"articleSection\":[\"beneficios manualides infantiles\",\"inteligencia emocional\",\"trabajo manual y emociones\"],\"inLanguage\":\"pt-PT\"},{\"@type\":\"WebPage\",\"@id\":\"https:\\\/\\\/www.plico.es\\\/pt-pt\\\/manos-que-sienten-la-inteligencia-emocional-en-la-etapa-de-0-a-12-anos\\\/\",\"url\":\"https:\\\/\\\/www.plico.es\\\/pt-pt\\\/manos-que-sienten-la-inteligencia-emocional-en-la-etapa-de-0-a-12-anos\\\/\",\"name\":\"Plico | Manos que sienten: La inteligencia emocional en la etapa de 0 A 12 a\u00f1os\",\"isPartOf\":{\"@id\":\"https:\\\/\\\/www.plico.es\\\/pt-pt\\\/#website\"},\"primaryImageOfPage\":{\"@id\":\"https:\\\/\\\/www.plico.es\\\/pt-pt\\\/manos-que-sienten-la-inteligencia-emocional-en-la-etapa-de-0-a-12-anos\\\/#primaryimage\"},\"image\":{\"@id\":\"https:\\\/\\\/www.plico.es\\\/pt-pt\\\/manos-que-sienten-la-inteligencia-emocional-en-la-etapa-de-0-a-12-anos\\\/#primaryimage\"},\"thumbnailUrl\":\"https:\\\/\\\/www.plico.es\\\/wp-content\\\/uploads\\\/2026\\\/04\\\/CONSEJOS-BONAMIND.jpg\",\"datePublished\":\"2026-04-10T08:26:57+00:00\",\"breadcrumb\":{\"@id\":\"https:\\\/\\\/www.plico.es\\\/pt-pt\\\/manos-que-sienten-la-inteligencia-emocional-en-la-etapa-de-0-a-12-anos\\\/#breadcrumb\"},\"inLanguage\":\"pt-PT\",\"potentialAction\":[{\"@type\":\"ReadAction\",\"target\":[\"https:\\\/\\\/www.plico.es\\\/pt-pt\\\/manos-que-sienten-la-inteligencia-emocional-en-la-etapa-de-0-a-12-anos\\\/\"]}]},{\"@type\":\"ImageObject\",\"inLanguage\":\"pt-PT\",\"@id\":\"https:\\\/\\\/www.plico.es\\\/pt-pt\\\/manos-que-sienten-la-inteligencia-emocional-en-la-etapa-de-0-a-12-anos\\\/#primaryimage\",\"url\":\"https:\\\/\\\/www.plico.es\\\/wp-content\\\/uploads\\\/2026\\\/04\\\/CONSEJOS-BONAMIND.jpg\",\"contentUrl\":\"https:\\\/\\\/www.plico.es\\\/wp-content\\\/uploads\\\/2026\\\/04\\\/CONSEJOS-BONAMIND.jpg\",\"width\":2240,\"height\":1260},{\"@type\":\"BreadcrumbList\",\"@id\":\"https:\\\/\\\/www.plico.es\\\/pt-pt\\\/manos-que-sienten-la-inteligencia-emocional-en-la-etapa-de-0-a-12-anos\\\/#breadcrumb\",\"itemListElement\":[{\"@type\":\"ListItem\",\"position\":1,\"name\":\"Portada\",\"item\":\"https:\\\/\\\/www.plico.es\\\/pt-pt\\\/\"},{\"@type\":\"ListItem\",\"position\":2,\"name\":\"Manos que sienten: La inteligencia emocional en la etapa de 0 A 12 a\u00f1os\"}]},{\"@type\":\"WebSite\",\"@id\":\"https:\\\/\\\/www.plico.es\\\/pt-pt\\\/#website\",\"url\":\"https:\\\/\\\/www.plico.es\\\/pt-pt\\\/\",\"name\":\"Plico\",\"description\":\"Expertos en Manualidades\",\"publisher\":{\"@id\":\"https:\\\/\\\/www.plico.es\\\/pt-pt\\\/#organization\"},\"alternateName\":\"Productos L\u00edderes Comercializados, S.A.\",\"potentialAction\":[{\"@type\":\"SearchAction\",\"target\":{\"@type\":\"EntryPoint\",\"urlTemplate\":\"https:\\\/\\\/www.plico.es\\\/pt-pt\\\/?s={search_term_string}\"},\"query-input\":{\"@type\":\"PropertyValueSpecification\",\"valueRequired\":true,\"valueName\":\"search_term_string\"}}],\"inLanguage\":\"pt-PT\"},{\"@type\":\"Organization\",\"@id\":\"https:\\\/\\\/www.plico.es\\\/pt-pt\\\/#organization\",\"name\":\"Plico\",\"alternateName\":\"Productos L\u00edderes Comercializados, S.A.\",\"url\":\"https:\\\/\\\/www.plico.es\\\/pt-pt\\\/\",\"logo\":{\"@type\":\"ImageObject\",\"inLanguage\":\"pt-PT\",\"@id\":\"https:\\\/\\\/www.plico.es\\\/pt-pt\\\/#\\\/schema\\\/logo\\\/image\\\/\",\"url\":\"https:\\\/\\\/www.plico.es\\\/wp-content\\\/uploads\\\/2022\\\/05\\\/logo_plico.png\",\"contentUrl\":\"https:\\\/\\\/www.plico.es\\\/wp-content\\\/uploads\\\/2022\\\/05\\\/logo_plico.png\",\"width\":400,\"height\":185,\"caption\":\"Plico\"},\"image\":{\"@id\":\"https:\\\/\\\/www.plico.es\\\/pt-pt\\\/#\\\/schema\\\/logo\\\/image\\\/\"},\"sameAs\":[\"https:\\\/\\\/www.facebook.com\\\/plico2017\\\/\",\"https:\\\/\\\/www.instagram.com\\\/plico_es\\\/\",\"https:\\\/\\\/www.youtube.com\\\/channel\\\/UCC1ygHF4QAP-CTLDlHMLs7g\"]},{\"@type\":\"Person\",\"@id\":\"https:\\\/\\\/www.plico.es\\\/pt-pt\\\/#\\\/schema\\\/person\\\/7b50c272f31f00fa554b62e857512059\",\"name\":\"plico_user\",\"image\":{\"@type\":\"ImageObject\",\"inLanguage\":\"pt-PT\",\"@id\":\"https:\\\/\\\/secure.gravatar.com\\\/avatar\\\/588744d89c9f06eca6ec712dc827fb4b1625ddc00a4ed144f222a3c97eb886e4?s=96&d=mm&r=g\",\"url\":\"https:\\\/\\\/secure.gravatar.com\\\/avatar\\\/588744d89c9f06eca6ec712dc827fb4b1625ddc00a4ed144f222a3c97eb886e4?s=96&d=mm&r=g\",\"contentUrl\":\"https:\\\/\\\/secure.gravatar.com\\\/avatar\\\/588744d89c9f06eca6ec712dc827fb4b1625ddc00a4ed144f222a3c97eb886e4?s=96&d=mm&r=g\",\"caption\":\"plico_user\"},\"sameAs\":[\"http:\\\/\\\/plico.es\"],\"url\":\"https:\\\/\\\/www.plico.es\\\/pt-pt\\\/author\\\/plico_user\\\/\"}]}<\/script>\n<!-- \/ Yoast SEO plugin. -->","yoast_head_json":{"title":"Plico | Manos que sienten: La inteligencia emocional en la etapa de 0 A 12 a\u00f1os","robots":{"index":"index","follow":"follow","max-snippet":"max-snippet:-1","max-image-preview":"max-image-preview:large","max-video-preview":"max-video-preview:-1"},"canonical":"https:\/\/www.plico.es\/pt-pt\/manos-que-sienten-la-inteligencia-emocional-en-la-etapa-de-0-a-12-anos\/","og_locale":"pt_PT","og_type":"article","og_title":"Plico | Manos que sienten: La inteligencia emocional en la etapa de 0 A 12 a\u00f1os","og_description":"\u201cSentir es un ejercicio de conexi\u00f3n con nosotros y con el mundo que nos rodea\u201d &nbsp; HABLANDO DE INTELIGENCIA EMOCIONAL EL PASO POR LAS DIFERENTES ETAPAS: 0-3 A\u00d1OS, 3-6 A\u00d1OS, 6-12 A\u00d1OS ACTIVIDADES RELACIONADAS CON EL TRABAJO MANUAL Y EMOCIONES LA MIRADA DEL ADULTO. &nbsp; HABLANDO DE INTELIGENCIA EMOCIONAL La inteligencia emocional se define, seg\u00fan [&hellip;]","og_url":"https:\/\/www.plico.es\/pt-pt\/manos-que-sienten-la-inteligencia-emocional-en-la-etapa-de-0-a-12-anos\/","og_site_name":"Plico","article_publisher":"https:\/\/www.facebook.com\/plico2017\/","article_published_time":"2026-04-10T08:26:57+00:00","og_image":[{"width":2240,"height":1260,"url":"https:\/\/www.plico.es\/wp-content\/uploads\/2026\/04\/CONSEJOS-BONAMIND.jpg","type":"image\/jpeg"}],"author":"plico_user","twitter_card":"summary_large_image","twitter_misc":{"Escrito por":"plico_user","Tempo estimado de leitura":"6 minutos"},"schema":{"@context":"https:\/\/schema.org","@graph":[{"@type":"Article","@id":"https:\/\/www.plico.es\/pt-pt\/manos-que-sienten-la-inteligencia-emocional-en-la-etapa-de-0-a-12-anos\/#article","isPartOf":{"@id":"https:\/\/www.plico.es\/pt-pt\/manos-que-sienten-la-inteligencia-emocional-en-la-etapa-de-0-a-12-anos\/"},"author":{"name":"plico_user","@id":"https:\/\/www.plico.es\/pt-pt\/#\/schema\/person\/7b50c272f31f00fa554b62e857512059"},"headline":"Manos que sienten: La inteligencia emocional en la etapa de 0 A 12 a\u00f1os","datePublished":"2026-04-10T08:26:57+00:00","mainEntityOfPage":{"@id":"https:\/\/www.plico.es\/pt-pt\/manos-que-sienten-la-inteligencia-emocional-en-la-etapa-de-0-a-12-anos\/"},"wordCount":1143,"publisher":{"@id":"https:\/\/www.plico.es\/pt-pt\/#organization"},"image":{"@id":"https:\/\/www.plico.es\/pt-pt\/manos-que-sienten-la-inteligencia-emocional-en-la-etapa-de-0-a-12-anos\/#primaryimage"},"thumbnailUrl":"https:\/\/www.plico.es\/wp-content\/uploads\/2026\/04\/CONSEJOS-BONAMIND.jpg","keywords":["BeneficiosManualidesInfantiles","InteligenciaEmocional","TrabajoManualEmociones"],"articleSection":["beneficios manualides infantiles","inteligencia emocional","trabajo manual y emociones"],"inLanguage":"pt-PT"},{"@type":"WebPage","@id":"https:\/\/www.plico.es\/pt-pt\/manos-que-sienten-la-inteligencia-emocional-en-la-etapa-de-0-a-12-anos\/","url":"https:\/\/www.plico.es\/pt-pt\/manos-que-sienten-la-inteligencia-emocional-en-la-etapa-de-0-a-12-anos\/","name":"Plico | Manos que sienten: La inteligencia emocional en la etapa de 0 A 12 a\u00f1os","isPartOf":{"@id":"https:\/\/www.plico.es\/pt-pt\/#website"},"primaryImageOfPage":{"@id":"https:\/\/www.plico.es\/pt-pt\/manos-que-sienten-la-inteligencia-emocional-en-la-etapa-de-0-a-12-anos\/#primaryimage"},"image":{"@id":"https:\/\/www.plico.es\/pt-pt\/manos-que-sienten-la-inteligencia-emocional-en-la-etapa-de-0-a-12-anos\/#primaryimage"},"thumbnailUrl":"https:\/\/www.plico.es\/wp-content\/uploads\/2026\/04\/CONSEJOS-BONAMIND.jpg","datePublished":"2026-04-10T08:26:57+00:00","breadcrumb":{"@id":"https:\/\/www.plico.es\/pt-pt\/manos-que-sienten-la-inteligencia-emocional-en-la-etapa-de-0-a-12-anos\/#breadcrumb"},"inLanguage":"pt-PT","potentialAction":[{"@type":"ReadAction","target":["https:\/\/www.plico.es\/pt-pt\/manos-que-sienten-la-inteligencia-emocional-en-la-etapa-de-0-a-12-anos\/"]}]},{"@type":"ImageObject","inLanguage":"pt-PT","@id":"https:\/\/www.plico.es\/pt-pt\/manos-que-sienten-la-inteligencia-emocional-en-la-etapa-de-0-a-12-anos\/#primaryimage","url":"https:\/\/www.plico.es\/wp-content\/uploads\/2026\/04\/CONSEJOS-BONAMIND.jpg","contentUrl":"https:\/\/www.plico.es\/wp-content\/uploads\/2026\/04\/CONSEJOS-BONAMIND.jpg","width":2240,"height":1260},{"@type":"BreadcrumbList","@id":"https:\/\/www.plico.es\/pt-pt\/manos-que-sienten-la-inteligencia-emocional-en-la-etapa-de-0-a-12-anos\/#breadcrumb","itemListElement":[{"@type":"ListItem","position":1,"name":"Portada","item":"https:\/\/www.plico.es\/pt-pt\/"},{"@type":"ListItem","position":2,"name":"Manos que sienten: La inteligencia emocional en la etapa de 0 A 12 a\u00f1os"}]},{"@type":"WebSite","@id":"https:\/\/www.plico.es\/pt-pt\/#website","url":"https:\/\/www.plico.es\/pt-pt\/","name":"Plico","description":"Expertos en Manualidades","publisher":{"@id":"https:\/\/www.plico.es\/pt-pt\/#organization"},"alternateName":"Productos L\u00edderes Comercializados, S.A.","potentialAction":[{"@type":"SearchAction","target":{"@type":"EntryPoint","urlTemplate":"https:\/\/www.plico.es\/pt-pt\/?s={search_term_string}"},"query-input":{"@type":"PropertyValueSpecification","valueRequired":true,"valueName":"search_term_string"}}],"inLanguage":"pt-PT"},{"@type":"Organization","@id":"https:\/\/www.plico.es\/pt-pt\/#organization","name":"Plico","alternateName":"Productos L\u00edderes Comercializados, S.A.","url":"https:\/\/www.plico.es\/pt-pt\/","logo":{"@type":"ImageObject","inLanguage":"pt-PT","@id":"https:\/\/www.plico.es\/pt-pt\/#\/schema\/logo\/image\/","url":"https:\/\/www.plico.es\/wp-content\/uploads\/2022\/05\/logo_plico.png","contentUrl":"https:\/\/www.plico.es\/wp-content\/uploads\/2022\/05\/logo_plico.png","width":400,"height":185,"caption":"Plico"},"image":{"@id":"https:\/\/www.plico.es\/pt-pt\/#\/schema\/logo\/image\/"},"sameAs":["https:\/\/www.facebook.com\/plico2017\/","https:\/\/www.instagram.com\/plico_es\/","https:\/\/www.youtube.com\/channel\/UCC1ygHF4QAP-CTLDlHMLs7g"]},{"@type":"Person","@id":"https:\/\/www.plico.es\/pt-pt\/#\/schema\/person\/7b50c272f31f00fa554b62e857512059","name":"plico_user","image":{"@type":"ImageObject","inLanguage":"pt-PT","@id":"https:\/\/secure.gravatar.com\/avatar\/588744d89c9f06eca6ec712dc827fb4b1625ddc00a4ed144f222a3c97eb886e4?s=96&d=mm&r=g","url":"https:\/\/secure.gravatar.com\/avatar\/588744d89c9f06eca6ec712dc827fb4b1625ddc00a4ed144f222a3c97eb886e4?s=96&d=mm&r=g","contentUrl":"https:\/\/secure.gravatar.com\/avatar\/588744d89c9f06eca6ec712dc827fb4b1625ddc00a4ed144f222a3c97eb886e4?s=96&d=mm&r=g","caption":"plico_user"},"sameAs":["http:\/\/plico.es"],"url":"https:\/\/www.plico.es\/pt-pt\/author\/plico_user\/"}]}},"_links":{"self":[{"href":"https:\/\/www.plico.es\/pt-pt\/wp-json\/wp\/v2\/posts\/8501","targetHints":{"allow":["GET"]}}],"collection":[{"href":"https:\/\/www.plico.es\/pt-pt\/wp-json\/wp\/v2\/posts"}],"about":[{"href":"https:\/\/www.plico.es\/pt-pt\/wp-json\/wp\/v2\/types\/post"}],"author":[{"embeddable":true,"href":"https:\/\/www.plico.es\/pt-pt\/wp-json\/wp\/v2\/users\/2"}],"replies":[{"embeddable":true,"href":"https:\/\/www.plico.es\/pt-pt\/wp-json\/wp\/v2\/comments?post=8501"}],"version-history":[{"count":2,"href":"https:\/\/www.plico.es\/pt-pt\/wp-json\/wp\/v2\/posts\/8501\/revisions"}],"predecessor-version":[{"id":8507,"href":"https:\/\/www.plico.es\/pt-pt\/wp-json\/wp\/v2\/posts\/8501\/revisions\/8507"}],"wp:featuredmedia":[{"embeddable":true,"href":"https:\/\/www.plico.es\/pt-pt\/wp-json\/wp\/v2\/media\/8503"}],"wp:attachment":[{"href":"https:\/\/www.plico.es\/pt-pt\/wp-json\/wp\/v2\/media?parent=8501"}],"wp:term":[{"taxonomy":"category","embeddable":true,"href":"https:\/\/www.plico.es\/pt-pt\/wp-json\/wp\/v2\/categories?post=8501"},{"taxonomy":"post_tag","embeddable":true,"href":"https:\/\/www.plico.es\/pt-pt\/wp-json\/wp\/v2\/tags?post=8501"}],"curies":[{"name":"wp","href":"https:\/\/api.w.org\/{rel}","templated":true}]}}